{"id":366,"date":"2013-09-03T11:20:19","date_gmt":"2013-09-03T09:20:19","guid":{"rendered":"https:\/\/www.ibetshedoes.de\/?p=366"},"modified":"2013-09-03T11:24:18","modified_gmt":"2013-09-03T09:24:18","slug":"klein-aber-fein","status":"publish","type":"post","link":"http:\/\/www.ibetshedoes.de\/index.php\/archives\/366","title":{"rendered":"Klein aber fein"},"content":{"rendered":"<p>Ich denke dieser Satz beschreibt Slowenien am besten. Ich dachte eigentlich, da\u00df ich recht flott durch Slowenien durchfahren w\u00fcrde. Aus terminlichen Gr\u00fcnden und weil ich in \u00d6sterreich nicht so viel Zeit verbrachte wie urspr\u00fcnglich gedacht war, blieb ich acht Tage in dem kleinen Land. In der Zeit sah ich Ljubiljana, welches momentan wohl die Hauptstadt der Backpacker und Hostelbesucher ist. Davon waren sehr viele zu sehen und zudem waren die meisten Touristen entweder Engl\u00e4nder oder Amerikaner. Ich vermute mal, da\u00df das Nachtleben entsprechend gut sein mu\u00df, sonst w\u00e4ren sowohl Backpacker als auch Engl\u00e4nder nicht so zahlreich vertreten. Die Stadt ist mehr oder weniger an einen Flu\u00df gebaut, um den sich die gut erhaltene Altstadt dr\u00e4ngt. Eine Einkaufsfu\u00dfg\u00e4ngerzone wird zudem gerade errichtet. \u00dcberblickt wird die Stadt von einer wiedermal viel zu arg restaurierten Burg, die aber von einem sch\u00f6n gr\u00fcnen Burgwald flankiert wird. Bei der Besichtigung kann man oft den Stadtflu\u00df \u00fcber eine der malerischen Br\u00fccken \u00fcberqueren und findet auf der anderen Seite wiederum sch\u00f6ne Stra\u00dfen und Str\u00e4\u00dfchen.<\/p>\n<p>Bevor ich Ljubiljana besichtigte, holte ich nach, was ich in der Slowakei und in \u00d6sterreich an St\u00e4dtetouren vernachl\u00e4ssigt hatte. Maribor (Marburg), Kamnik, Kranj, Skofia Loka mu\u00dften alle meine Pr\u00e4senz erdulden. Letztere Stadt war lange Zeit im Besitz des Bischofs von Freising, Maribor war lange Zeit \u00f6sterreichisch und wurde erst nach dem ersten Weltkrieg mehr oder weniger unfreundlich in den Kreis der slowenischen Lande eingebracht (wogegen sich hingegen der Rest des Burgenlandes erfolgreich wehrte). Auch die anderen beiden St\u00e4dte haben wie wohl ziemlich gro\u00dfe Teile des Balkans eine lange Geschichte \u00f6sterreichischen Einflusses. Letzteres war mir nicht bewu\u00dft und sehr wissend bin ich dar\u00fcber noch immer nicht. Werde wohl mal ein wenig die Wikipedia w\u00e4lzen m\u00fcssen, weil meine Geschichtskenntnisse (nicht nur) was den Balkan betrifft echt zu w\u00fcnschen \u00fcbrig lassen.<\/p>\n<p>Richtig interessant wurde es dann aber nach Verlassen der St\u00e4dte und bei Erreichen des Karstes. Es gibt in Slowenien im s\u00fcdlicheren Teil aufgrund der Bodenbeschaffenheit eine Unmenge an H\u00f6hlen. \u00dcberall am Stra\u00dfenrand steht ein Schild, da\u00df auf eine \u201eJama\u201c hinweist, mit irgendeinem speziellen Namen f\u00fcr diese H\u00f6hle davor. Dabei sei gleich angemerkt, da\u00df man f\u00fcr die kleinen H\u00f6hlen \u00fcblicherweise Sonntags am sp\u00e4ten Morgen F\u00fchrungen bekommt und ansonsten der Eintritt verwehrt ist. F\u00fcr gr\u00f6\u00dfere H\u00f6hlen gibt es jeden Tag \u00fcber den ganzen Tag verteilt F\u00fchrungen, aber diese H\u00f6hlen sind dann extreme Touri-Attraktionen, so da\u00df ich an diesen Orten mir nur die Umgebung anschaute und nicht hineinging. Dank meines guten Reisef\u00fchrers (Triposo) wurde ich auf eine \u201eMini\u201c-H\u00f6hle hingewiesen (Planina Jama), die nur wenig besucht war. Mini in Anf\u00fchrungszeichen, weil nur der Andrang mini war. Die in der N\u00e4he liegende Tourih\u00f6hle war mit Planina n\u00e4mlich direkt verbunden, nur halt \u00fcber etliche Kilometer eines unterirdischen Flusses.<\/p>\n<p>Den Besucherparkplatz der Planina Jama \u00fcbersah ich erstmal (ich war schon froh, das Stra\u00dfenschild gesehen zu haben) und fuhr daran vorbei zu einem tiefergelegenen Platz. Dort war eine kleine H\u00f6hle zu finden, die zum Erkunden einlud. Nach nur wenigen Metern in der H\u00f6hle mu\u00dfte ich zur\u00fcckgehen, um die Kopflampe zu holen. Danach konnte es weitergehen, aber irgendwann (sehr bald) sah ich ein, da\u00df es ohne F\u00fchrer oder Helm doch ein wenig riskant w\u00e4re tiefer durch die sehr engen und niedrigen Stellen zu klettern. Leicht zu reinigende Klamotten h\u00e4tten auch sehr geholfen. Darum brach ich die Erkundung ab. Ein wenig wehm\u00fctig, um ehrlich zu sein. Beim Herumstreunern in der Umgebung bemerkte ich den Parkplatz f\u00fcr den H\u00f6hlenbesuch und sah eine Frau einen kleinen Kiosk er\u00f6ffnen (mit einer Miniauswahl). Auf Nachfrage teilte sie mit H\u00e4nden und F\u00fc\u00dfen mit, da\u00df es in 20 Minuten eine F\u00fchrung g\u00e4be. Diese F\u00fchrung wurde von einer Frau mit Italienischkenntnissen geleitet, die drei Italiener informierte. Begleitet wurde sie von zwei h\u00f6hlenbegeisterten Slowenen, die wohl auch F\u00fchrer waren und mir die Informationen auf Englisch gaben. Das war darum wiedermal eine recht intensive F\u00fchrung, ohne zu technisch hochtrabende Funktransmitter und H\u00f6hlenerkundung per Zug wie beim anderen H\u00f6hleneingang.<\/p>\n<p>Eine weitere H\u00f6hle, die ich nicht weit betreten wollte, lockte mit einem Hinabgleiten in ein Loch, an derem oberen Ende ein paar Querbalken lagen, an welchen recht d\u00fcnn aussehende Schnur befestigt war. Offensichtlich gab es ein paar mutigere Hobbyisten, die sich da runter trauten. Ich wollte mich aber nicht alleine einen 20 m langen Gang hinabrutschen lassen, im Notfall w\u00e4re ich da sch\u00f6n aufgeschmissen gewesen. Leider gab es zu der H\u00f6hle keine Besuchertouren. Sie war zwar in Openstreetmap markiert, aber das war es auch schon.<\/p>\n<p>Nach dem Karst war dann Stadt angesagt, aber mehr aus der Not, als aus Wunsch. An meinem VW-Bus hatte sich mal wieder eine recht wichtige Kugel der Gangschaltung unerlaubt entfernt, was das Erreichen des ersten und zweiten Ganges zu einem Gl\u00fccksspiel machte. Statt des ersten kam man in den dritten Gang, wodurch es sich recht schlecht in einer Bergregion anfahren l\u00e4\u00dft. Wenn ich dann im ersten Gang war, durch Gl\u00fcck oder tricksen (R\u00fcckw\u00e4rtsgang ant\u00e4uschen und ersten nehmen), dann konnte ich nur hoffen auch den zweiten Gang zu erwischen, denn oftmals kam stattdessen der vierte Gang, was den Schwung am Berg schnell wieder raubte&#8230; Selbst der R\u00fcckw\u00e4rtsgang wurde manchmal zu einem ersten Gang, was \u00fcberraschender Weise unpraktisch ist. Aber das bekam ich in den Griff, indem ich halt vorher die wahrscheinliche Fahrtrichtung bei angezogener Handbremse testete. Lange Rede, kurzer Sinn, es stand ein Besuch bei einer Werkstatt an.<\/p>\n<p>Ich hatte Gl\u00fcck in Koper eine VW-Werkstatt zu finden, der nach kurzer Erkl\u00e4rung des Problems dieses sofort erfasste und den Wagen in die eigentlich sehr lange Schlange der Reparaturen reinquetschte, so da\u00df am gleichen Abend das Problem behoben war. Es war aber nicht nur behoben, die Schaltung funktioniert jetzt so gut wie noch nie. Ich kann alle G\u00e4nge ohne Gewalt und Kraftanstrengungen erreichen und treffe jedes Mal den Gang, den ich will. Ein Luxus, den ich wirklich vermisst habe. Irgendwie scheinen die Leute hier das Problem viel besser behoben zu haben, als die Werkstatt, bei der ich \u00fcblicherweise in Freiburg bin. Was mich zugegebener Ma\u00dfen gefreut hat, mich aber auch an der Heimwerkstatt zweifeln l\u00e4\u00dft. Ich hatte dieser beim vorigen Male mehrfach gesagt, da\u00df die Schaltung nicht wirklich gut liefe, aber sie wurde durch die kurzen Werkstattaufenthalte nicht besser.<\/p>\n<p>Erleichtert und froh \u00fcber diese gute Werkstatterfahrung blieb ich noch eine weitere Nacht in Slowenien und schaute mir Piran an (Piran wurde nur kurz besucht, weil der erste Regen seit Wochen immer st\u00e4rker wurde). Auf dem Campingplatz bei Piran hatte ich ein englisches P\u00e4rchen getroffen, welches auch \u00fcber eine lange Zeit durch Europa tourt und dabei mehr oder weniger die L\u00e4nder besucht(e), die auch auf meiner Liste stehen. Diese waren sehr redselig und konnten mich dabei davon zu \u00fcberzeugen Montenegro auch auf meine Liste zu setzen, davon waren sie sehr angetan. Aber als n\u00e4chstes steht erst mal Kroatien an.<\/p>\n<p>Viel Spa\u00df mit der Galerie.<\/p>\n\n\t\t<style type=\"text\/css\">\n\t\t\t#gallery-1 {\n\t\t\t\tmargin: auto;\n\t\t\t}\n\t\t\t#gallery-1 .gallery-item {\n\t\t\t\tfloat: left;\n\t\t\t\tmargin-top: 10px;\n\t\t\t\ttext-align: center;\n\t\t\t\twidth: 33%;\n\t\t\t}\n\t\t\t#gallery-1 img {\n\t\t\t\tborder: 2px solid #cfcfcf;\n\t\t\t}\n\t\t\t#gallery-1 .gallery-caption {\n\t\t\t\tmargin-left: 0;\n\t\t\t}\n\t\t\t\/* see gallery_shortcode() in wp-includes\/media.php *\/\n\t\t<\/style>\n\t\t<div data-carousel-extra='{\"blog_id\":1,\"permalink\":\"http:\\\/\\\/www.ibetshedoes.de\\\/index.php\\\/archives\\\/366\",\"likes_blog_id\":false}' id='gallery-1' class='gallery galleryid-366 gallery-columns-3 gallery-size-thumbnail'><dl class='gallery-item'>\n\t\t\t<dt class='gallery-icon landscape'>\n\t\t\t\t<a href='http:\/\/www.ibetshedoes.de\/index.php\/archives\/366\/00-maribor'><img loading=\"lazy\" decoding=\"async\" width=\"150\" height=\"150\" src=\"http:\/\/www.ibetshedoes.de\/wp-content\/2013\/09\/00-Maribor-150x150.jpg\" class=\"attachment-thumbnail size-thumbnail\" alt=\"\" aria-describedby=\"gallery-1-368\" data-attachment-id=\"368\" data-orig-file=\"http:\/\/www.ibetshedoes.de\/wp-content\/2013\/09\/00-Maribor.jpg\" data-orig-size=\"1104,828\" data-comments-opened=\"1\" data-image-meta=\"{&quot;aperture&quot;:&quot;0&quot;,&quot;credit&quot;:&quot;&quot;,&quot;camera&quot;:&quot;&quot;,&quot;caption&quot;:&quot;&quot;,&quot;created_timestamp&quot;:&quot;0&quot;,&quot;copyright&quot;:&quot;&quot;,&quot;focal_length&quot;:&quot;0&quot;,&quot;iso&quot;:&quot;0&quot;,&quot;shutter_speed&quot;:&quot;0&quot;,&quot;title&quot;:&quot;&quot;}\" data-image-title=\"00-Maribor\" data-image-description=\"\" data-medium-file=\"http:\/\/www.ibetshedoes.de\/wp-content\/2013\/09\/00-Maribor-300x225.jpg\" data-large-file=\"http:\/\/www.ibetshedoes.de\/wp-content\/2013\/09\/00-Maribor-1024x768.jpg\" \/><\/a>\n\t\t\t<\/dt>\n\t\t\t\t<dd class='wp-caption-text gallery-caption' id='gallery-1-368'>\n\t\t\t\tDas \u00f6sterreichische Marburg von der anderen Seite aus. Die Verwendung der deutschsprachigen Namen ist immer etwas verwirrend. Vor allem vermutlich f\u00fcr Slowenen, deren Auto in \u00d6sterreich ausgerufen wird, weil es schei\u00dfe steht. Man sollte in einem solchen Fall vor einer Drohung mit dem Abschleppen vielleicht mal Maribor oder eine andere Sprache au\u00dfer Deutsch verwenden&#8230; \n\t\t\t\t<\/dd><\/dl><dl class='gallery-item'>\n\t\t\t<dt class='gallery-icon landscape'>\n\t\t\t\t<a href='http:\/\/www.ibetshedoes.de\/index.php\/archives\/366\/01-maribor'><img loading=\"lazy\" decoding=\"async\" width=\"150\" height=\"150\" src=\"http:\/\/www.ibetshedoes.de\/wp-content\/2013\/09\/01-Maribor-150x150.jpg\" class=\"attachment-thumbnail size-thumbnail\" alt=\"\" aria-describedby=\"gallery-1-369\" data-attachment-id=\"369\" data-orig-file=\"http:\/\/www.ibetshedoes.de\/wp-content\/2013\/09\/01-Maribor.jpg\" data-orig-size=\"1104,828\" data-comments-opened=\"1\" data-image-meta=\"{&quot;aperture&quot;:&quot;0&quot;,&quot;credit&quot;:&quot;&quot;,&quot;camera&quot;:&quot;&quot;,&quot;caption&quot;:&quot;&quot;,&quot;created_timestamp&quot;:&quot;0&quot;,&quot;copyright&quot;:&quot;&quot;,&quot;focal_length&quot;:&quot;0&quot;,&quot;iso&quot;:&quot;0&quot;,&quot;shutter_speed&quot;:&quot;0&quot;,&quot;title&quot;:&quot;&quot;}\" data-image-title=\"01-Maribor\" data-image-description=\"\" data-medium-file=\"http:\/\/www.ibetshedoes.de\/wp-content\/2013\/09\/01-Maribor-300x225.jpg\" data-large-file=\"http:\/\/www.ibetshedoes.de\/wp-content\/2013\/09\/01-Maribor-1024x768.jpg\" \/><\/a>\n\t\t\t<\/dt>\n\t\t\t\t<dd class='wp-caption-text gallery-caption' id='gallery-1-369'>\n\t\t\t\tEin Ausblick auf die andere Flu\u00dfseite. Mich w\u00fcrde der Klotz da ja st\u00f6ren, zumal das noch nicht mal Wohnh\u00e4user sind, sondern Gesch\u00e4fte.\n\t\t\t\t<\/dd><\/dl><dl class='gallery-item'>\n\t\t\t<dt class='gallery-icon landscape'>\n\t\t\t\t<a href='http:\/\/www.ibetshedoes.de\/index.php\/archives\/366\/10-denkmal'><img loading=\"lazy\" decoding=\"async\" width=\"150\" height=\"150\" src=\"http:\/\/www.ibetshedoes.de\/wp-content\/2013\/09\/10-Denkmal-150x150.jpg\" class=\"attachment-thumbnail size-thumbnail\" alt=\"\" aria-describedby=\"gallery-1-370\" data-attachment-id=\"370\" data-orig-file=\"http:\/\/www.ibetshedoes.de\/wp-content\/2013\/09\/10-Denkmal.jpg\" data-orig-size=\"1104,828\" data-comments-opened=\"1\" data-image-meta=\"{&quot;aperture&quot;:&quot;0&quot;,&quot;credit&quot;:&quot;&quot;,&quot;camera&quot;:&quot;&quot;,&quot;caption&quot;:&quot;&quot;,&quot;created_timestamp&quot;:&quot;0&quot;,&quot;copyright&quot;:&quot;&quot;,&quot;focal_length&quot;:&quot;0&quot;,&quot;iso&quot;:&quot;0&quot;,&quot;shutter_speed&quot;:&quot;0&quot;,&quot;title&quot;:&quot;&quot;}\" data-image-title=\"10-Denkmal\" data-image-description=\"\" data-medium-file=\"http:\/\/www.ibetshedoes.de\/wp-content\/2013\/09\/10-Denkmal-300x225.jpg\" data-large-file=\"http:\/\/www.ibetshedoes.de\/wp-content\/2013\/09\/10-Denkmal-1024x768.jpg\" \/><\/a>\n\t\t\t<\/dt>\n\t\t\t\t<dd class='wp-caption-text gallery-caption' id='gallery-1-370'>\n\t\t\t\tEin Denkmal am Stra\u00dfenrand? Das mu\u00dfte ich mir anschauen. Der Anla\u00df ist eine Aktion der Deutschen als &#8222;Vergeltung&#8220; f\u00fcr einen Partisanenanschlag.\n\t\t\t\t<\/dd><\/dl><br style=\"clear: both\" \/><dl class='gallery-item'>\n\t\t\t<dt class='gallery-icon portrait'>\n\t\t\t\t<a href='http:\/\/www.ibetshedoes.de\/index.php\/archives\/366\/11-denkmal'><img loading=\"lazy\" decoding=\"async\" width=\"150\" height=\"150\" src=\"http:\/\/www.ibetshedoes.de\/wp-content\/2013\/09\/11-Denkmal-150x150.jpg\" class=\"attachment-thumbnail size-thumbnail\" alt=\"\" aria-describedby=\"gallery-1-371\" data-attachment-id=\"371\" data-orig-file=\"http:\/\/www.ibetshedoes.de\/wp-content\/2013\/09\/11-Denkmal.jpg\" data-orig-size=\"828,1104\" data-comments-opened=\"1\" data-image-meta=\"{&quot;aperture&quot;:&quot;0&quot;,&quot;credit&quot;:&quot;&quot;,&quot;camera&quot;:&quot;&quot;,&quot;caption&quot;:&quot;&quot;,&quot;created_timestamp&quot;:&quot;0&quot;,&quot;copyright&quot;:&quot;&quot;,&quot;focal_length&quot;:&quot;0&quot;,&quot;iso&quot;:&quot;0&quot;,&quot;shutter_speed&quot;:&quot;0&quot;,&quot;title&quot;:&quot;&quot;}\" data-image-title=\"11-Denkmal\" data-image-description=\"\" data-medium-file=\"http:\/\/www.ibetshedoes.de\/wp-content\/2013\/09\/11-Denkmal-225x300.jpg\" data-large-file=\"http:\/\/www.ibetshedoes.de\/wp-content\/2013\/09\/11-Denkmal-768x1024.jpg\" \/><\/a>\n\t\t\t<\/dt>\n\t\t\t\t<dd class='wp-caption-text gallery-caption' id='gallery-1-371'>\n\t\t\t\tEin Nachdruck der damaligen Bekanntmachung ist auch dargestellt. Erstaunlich, da\u00df immer runde Zahlen an T\u00e4tern gefunden wurden&#8230; Ich hoffe, da\u00df irgendwann mal solche Denkm\u00e4ler unn\u00f6tig werden.\n\t\t\t\t<\/dd><\/dl><dl class='gallery-item'>\n\t\t\t<dt class='gallery-icon landscape'>\n\t\t\t\t<a href='http:\/\/www.ibetshedoes.de\/index.php\/archives\/366\/20-lemburg'><img loading=\"lazy\" decoding=\"async\" width=\"150\" height=\"150\" src=\"http:\/\/www.ibetshedoes.de\/wp-content\/2013\/09\/20-Lemburg-150x150.jpg\" class=\"attachment-thumbnail size-thumbnail\" alt=\"\" aria-describedby=\"gallery-1-372\" data-attachment-id=\"372\" data-orig-file=\"http:\/\/www.ibetshedoes.de\/wp-content\/2013\/09\/20-Lemburg.jpg\" data-orig-size=\"1104,828\" data-comments-opened=\"1\" data-image-meta=\"{&quot;aperture&quot;:&quot;0&quot;,&quot;credit&quot;:&quot;&quot;,&quot;camera&quot;:&quot;&quot;,&quot;caption&quot;:&quot;&quot;,&quot;created_timestamp&quot;:&quot;0&quot;,&quot;copyright&quot;:&quot;&quot;,&quot;focal_length&quot;:&quot;0&quot;,&quot;iso&quot;:&quot;0&quot;,&quot;shutter_speed&quot;:&quot;0&quot;,&quot;title&quot;:&quot;&quot;}\" data-image-title=\"20-Lemburg\" data-image-description=\"\" data-medium-file=\"http:\/\/www.ibetshedoes.de\/wp-content\/2013\/09\/20-Lemburg-300x225.jpg\" data-large-file=\"http:\/\/www.ibetshedoes.de\/wp-content\/2013\/09\/20-Lemburg-1024x768.jpg\" \/><\/a>\n\t\t\t<\/dt>\n\t\t\t\t<dd class='wp-caption-text gallery-caption' id='gallery-1-372'>\n\t\t\t\tDie kaum ausgeschilderte Burg Lemburg. Sie wurde im kleinen Stil renoviert, zum Gl\u00fcck gab es ein Loch in der Eingangst\u00fcr, so da\u00df ich sie mir auch von innen anschauen konnte. \n\t\t\t\t<\/dd><\/dl><dl class='gallery-item'>\n\t\t\t<dt class='gallery-icon landscape'>\n\t\t\t\t<a href='http:\/\/www.ibetshedoes.de\/index.php\/archives\/366\/21-lemburg'><img loading=\"lazy\" decoding=\"async\" width=\"150\" height=\"150\" src=\"http:\/\/www.ibetshedoes.de\/wp-content\/2013\/09\/21-Lemburg-150x150.jpg\" class=\"attachment-thumbnail size-thumbnail\" alt=\"\" aria-describedby=\"gallery-1-373\" data-attachment-id=\"373\" data-orig-file=\"http:\/\/www.ibetshedoes.de\/wp-content\/2013\/09\/21-Lemburg.jpg\" data-orig-size=\"1104,828\" data-comments-opened=\"1\" data-image-meta=\"{&quot;aperture&quot;:&quot;0&quot;,&quot;credit&quot;:&quot;&quot;,&quot;camera&quot;:&quot;&quot;,&quot;caption&quot;:&quot;&quot;,&quot;created_timestamp&quot;:&quot;0&quot;,&quot;copyright&quot;:&quot;&quot;,&quot;focal_length&quot;:&quot;0&quot;,&quot;iso&quot;:&quot;0&quot;,&quot;shutter_speed&quot;:&quot;0&quot;,&quot;title&quot;:&quot;&quot;}\" data-image-title=\"21-Lemburg\" data-image-description=\"\" data-medium-file=\"http:\/\/www.ibetshedoes.de\/wp-content\/2013\/09\/21-Lemburg-300x225.jpg\" data-large-file=\"http:\/\/www.ibetshedoes.de\/wp-content\/2013\/09\/21-Lemburg-1024x768.jpg\" \/><\/a>\n\t\t\t<\/dt>\n\t\t\t\t<dd class='wp-caption-text gallery-caption' id='gallery-1-373'>\n\t\t\t\tDa sieht man mein Einfallstor. Der Weg zur Burg war f\u00fcr den Bus und mich recht anspruchsvoll, aber war letztlich nur ein Vorgeschmack auf die rum\u00e4nischen Verh\u00e4ltnisse.\n\t\t\t\t<\/dd><\/dl><br style=\"clear: both\" \/><dl class='gallery-item'>\n\t\t\t<dt class='gallery-icon landscape'>\n\t\t\t\t<a href='http:\/\/www.ibetshedoes.de\/index.php\/archives\/366\/22-lemburg'><img loading=\"lazy\" decoding=\"async\" width=\"150\" height=\"150\" src=\"http:\/\/www.ibetshedoes.de\/wp-content\/2013\/09\/22-Lemburg-150x150.jpg\" class=\"attachment-thumbnail size-thumbnail\" alt=\"\" aria-describedby=\"gallery-1-374\" data-attachment-id=\"374\" data-orig-file=\"http:\/\/www.ibetshedoes.de\/wp-content\/2013\/09\/22-Lemburg.jpg\" data-orig-size=\"1104,828\" data-comments-opened=\"1\" data-image-meta=\"{&quot;aperture&quot;:&quot;0&quot;,&quot;credit&quot;:&quot;&quot;,&quot;camera&quot;:&quot;&quot;,&quot;caption&quot;:&quot;&quot;,&quot;created_timestamp&quot;:&quot;0&quot;,&quot;copyright&quot;:&quot;&quot;,&quot;focal_length&quot;:&quot;0&quot;,&quot;iso&quot;:&quot;0&quot;,&quot;shutter_speed&quot;:&quot;0&quot;,&quot;title&quot;:&quot;&quot;}\" data-image-title=\"22-Lemburg\" data-image-description=\"\" data-medium-file=\"http:\/\/www.ibetshedoes.de\/wp-content\/2013\/09\/22-Lemburg-300x225.jpg\" data-large-file=\"http:\/\/www.ibetshedoes.de\/wp-content\/2013\/09\/22-Lemburg-1024x768.jpg\" \/><\/a>\n\t\t\t<\/dt>\n\t\t\t\t<dd class='wp-caption-text gallery-caption' id='gallery-1-374'>\n\t\t\t\tEin Blick auf den S\u00e4ulengang, dessen S\u00e4ulen neu sind. Der Rest ist noch im Aufbau begriffen, zum Gl\u00fcck.\n\t\t\t\t<\/dd><\/dl><dl class='gallery-item'>\n\t\t\t<dt class='gallery-icon landscape'>\n\t\t\t\t<a href='http:\/\/www.ibetshedoes.de\/index.php\/archives\/366\/30-kamnik'><img loading=\"lazy\" decoding=\"async\" width=\"150\" height=\"150\" src=\"http:\/\/www.ibetshedoes.de\/wp-content\/2013\/09\/30-Kamnik-150x150.jpg\" class=\"attachment-thumbnail size-thumbnail\" alt=\"\" aria-describedby=\"gallery-1-375\" data-attachment-id=\"375\" data-orig-file=\"http:\/\/www.ibetshedoes.de\/wp-content\/2013\/09\/30-Kamnik.jpg\" data-orig-size=\"1104,828\" data-comments-opened=\"1\" data-image-meta=\"{&quot;aperture&quot;:&quot;0&quot;,&quot;credit&quot;:&quot;&quot;,&quot;camera&quot;:&quot;&quot;,&quot;caption&quot;:&quot;&quot;,&quot;created_timestamp&quot;:&quot;0&quot;,&quot;copyright&quot;:&quot;&quot;,&quot;focal_length&quot;:&quot;0&quot;,&quot;iso&quot;:&quot;0&quot;,&quot;shutter_speed&quot;:&quot;0&quot;,&quot;title&quot;:&quot;&quot;}\" data-image-title=\"30-Kamnik\" data-image-description=\"\" data-medium-file=\"http:\/\/www.ibetshedoes.de\/wp-content\/2013\/09\/30-Kamnik-300x225.jpg\" data-large-file=\"http:\/\/www.ibetshedoes.de\/wp-content\/2013\/09\/30-Kamnik-1024x768.jpg\" \/><\/a>\n\t\t\t<\/dt>\n\t\t\t\t<dd class='wp-caption-text gallery-caption' id='gallery-1-375'>\n\t\t\t\tEin Ausblick von der Kamniker Burg. Also einer von mehreren.\n\t\t\t\t<\/dd><\/dl><dl class='gallery-item'>\n\t\t\t<dt class='gallery-icon landscape'>\n\t\t\t\t<a href='http:\/\/www.ibetshedoes.de\/index.php\/archives\/366\/31-kamnik'><img loading=\"lazy\" decoding=\"async\" width=\"150\" height=\"150\" src=\"http:\/\/www.ibetshedoes.de\/wp-content\/2013\/09\/31-Kamnik-150x150.jpg\" class=\"attachment-thumbnail size-thumbnail\" alt=\"\" aria-describedby=\"gallery-1-376\" data-attachment-id=\"376\" data-orig-file=\"http:\/\/www.ibetshedoes.de\/wp-content\/2013\/09\/31-Kamnik.jpg\" data-orig-size=\"1104,828\" data-comments-opened=\"1\" data-image-meta=\"{&quot;aperture&quot;:&quot;0&quot;,&quot;credit&quot;:&quot;&quot;,&quot;camera&quot;:&quot;&quot;,&quot;caption&quot;:&quot;&quot;,&quot;created_timestamp&quot;:&quot;0&quot;,&quot;copyright&quot;:&quot;&quot;,&quot;focal_length&quot;:&quot;0&quot;,&quot;iso&quot;:&quot;0&quot;,&quot;shutter_speed&quot;:&quot;0&quot;,&quot;title&quot;:&quot;&quot;}\" data-image-title=\"31-Kamnik\" data-image-description=\"\" data-medium-file=\"http:\/\/www.ibetshedoes.de\/wp-content\/2013\/09\/31-Kamnik-300x225.jpg\" data-large-file=\"http:\/\/www.ibetshedoes.de\/wp-content\/2013\/09\/31-Kamnik-1024x768.jpg\" \/><\/a>\n\t\t\t<\/dt>\n\t\t\t\t<dd class='wp-caption-text gallery-caption' id='gallery-1-376'>\n\t\t\t\tZu der Burg geh\u00f6rte nat\u00fcrlich auch ein Gotteshaus.\n\t\t\t\t<\/dd><\/dl><br style=\"clear: both\" \/><dl class='gallery-item'>\n\t\t\t<dt class='gallery-icon landscape'>\n\t\t\t\t<a href='http:\/\/www.ibetshedoes.de\/index.php\/archives\/366\/32-kamnik'><img loading=\"lazy\" decoding=\"async\" width=\"150\" height=\"150\" src=\"http:\/\/www.ibetshedoes.de\/wp-content\/2013\/09\/32-Kamnik-150x150.jpg\" class=\"attachment-thumbnail size-thumbnail\" alt=\"\" aria-describedby=\"gallery-1-377\" data-attachment-id=\"377\" data-orig-file=\"http:\/\/www.ibetshedoes.de\/wp-content\/2013\/09\/32-Kamnik.jpg\" data-orig-size=\"1104,828\" data-comments-opened=\"1\" data-image-meta=\"{&quot;aperture&quot;:&quot;0&quot;,&quot;credit&quot;:&quot;&quot;,&quot;camera&quot;:&quot;&quot;,&quot;caption&quot;:&quot;&quot;,&quot;created_timestamp&quot;:&quot;0&quot;,&quot;copyright&quot;:&quot;&quot;,&quot;focal_length&quot;:&quot;0&quot;,&quot;iso&quot;:&quot;0&quot;,&quot;shutter_speed&quot;:&quot;0&quot;,&quot;title&quot;:&quot;&quot;}\" data-image-title=\"32-Kamnik\" data-image-description=\"\" data-medium-file=\"http:\/\/www.ibetshedoes.de\/wp-content\/2013\/09\/32-Kamnik-300x225.jpg\" data-large-file=\"http:\/\/www.ibetshedoes.de\/wp-content\/2013\/09\/32-Kamnik-1024x768.jpg\" \/><\/a>\n\t\t\t<\/dt>\n\t\t\t\t<dd class='wp-caption-text gallery-caption' id='gallery-1-377'>\n\t\t\t\tWer beobachtet hier wen? Den kleinen H\u00fcpfer hatte ich aus einer kleinen verspielten M\u00fchlenanlage verscheucht, die ich mir angeschaute. Dort war ein Quellb\u00e4chlein \u00fcber Miniaturwasserr\u00e4der gelenkt und war irgendwie putzig.\n\t\t\t\t<\/dd><\/dl><dl class='gallery-item'>\n\t\t\t<dt class='gallery-icon landscape'>\n\t\t\t\t<a href='http:\/\/www.ibetshedoes.de\/index.php\/archives\/366\/40-ljubiljana'><img loading=\"lazy\" decoding=\"async\" width=\"150\" height=\"150\" src=\"http:\/\/www.ibetshedoes.de\/wp-content\/2013\/09\/40-Ljubiljana-150x150.jpg\" class=\"attachment-thumbnail size-thumbnail\" alt=\"\" aria-describedby=\"gallery-1-378\" data-attachment-id=\"378\" data-orig-file=\"http:\/\/www.ibetshedoes.de\/wp-content\/2013\/09\/40-Ljubiljana.jpg\" data-orig-size=\"1104,828\" data-comments-opened=\"1\" data-image-meta=\"{&quot;aperture&quot;:&quot;0&quot;,&quot;credit&quot;:&quot;&quot;,&quot;camera&quot;:&quot;&quot;,&quot;caption&quot;:&quot;&quot;,&quot;created_timestamp&quot;:&quot;0&quot;,&quot;copyright&quot;:&quot;&quot;,&quot;focal_length&quot;:&quot;0&quot;,&quot;iso&quot;:&quot;0&quot;,&quot;shutter_speed&quot;:&quot;0&quot;,&quot;title&quot;:&quot;&quot;}\" data-image-title=\"40-Ljubiljana\" data-image-description=\"\" data-medium-file=\"http:\/\/www.ibetshedoes.de\/wp-content\/2013\/09\/40-Ljubiljana-300x225.jpg\" data-large-file=\"http:\/\/www.ibetshedoes.de\/wp-content\/2013\/09\/40-Ljubiljana-1024x768.jpg\" \/><\/a>\n\t\t\t<\/dt>\n\t\t\t\t<dd class='wp-caption-text gallery-caption' id='gallery-1-378'>\n\t\t\t\tLjubiljanas Prachtstra\u00dfe im Entstehen.\n\t\t\t\t<\/dd><\/dl><dl class='gallery-item'>\n\t\t\t<dt class='gallery-icon portrait'>\n\t\t\t\t<a href='http:\/\/www.ibetshedoes.de\/index.php\/archives\/366\/41-ljubiljana'><img loading=\"lazy\" decoding=\"async\" width=\"150\" height=\"150\" src=\"http:\/\/www.ibetshedoes.de\/wp-content\/2013\/09\/41-Ljubiljana-150x150.jpg\" class=\"attachment-thumbnail size-thumbnail\" alt=\"\" aria-describedby=\"gallery-1-379\" data-attachment-id=\"379\" data-orig-file=\"http:\/\/www.ibetshedoes.de\/wp-content\/2013\/09\/41-Ljubiljana.jpg\" data-orig-size=\"828,1104\" data-comments-opened=\"1\" data-image-meta=\"{&quot;aperture&quot;:&quot;0&quot;,&quot;credit&quot;:&quot;&quot;,&quot;camera&quot;:&quot;&quot;,&quot;caption&quot;:&quot;&quot;,&quot;created_timestamp&quot;:&quot;0&quot;,&quot;copyright&quot;:&quot;&quot;,&quot;focal_length&quot;:&quot;0&quot;,&quot;iso&quot;:&quot;0&quot;,&quot;shutter_speed&quot;:&quot;0&quot;,&quot;title&quot;:&quot;&quot;}\" data-image-title=\"41-Ljubiljana\" data-image-description=\"\" data-medium-file=\"http:\/\/www.ibetshedoes.de\/wp-content\/2013\/09\/41-Ljubiljana-225x300.jpg\" data-large-file=\"http:\/\/www.ibetshedoes.de\/wp-content\/2013\/09\/41-Ljubiljana-768x1024.jpg\" \/><\/a>\n\t\t\t<\/dt>\n\t\t\t\t<dd class='wp-caption-text gallery-caption' id='gallery-1-379'>\n\t\t\t\tEs gibt noch viel zu tun, ich hoffe sie lassen sich Zeit, die H\u00e4user haben Charme.\n\t\t\t\t<\/dd><\/dl><br style=\"clear: both\" \/><dl class='gallery-item'>\n\t\t\t<dt class='gallery-icon landscape'>\n\t\t\t\t<a href='http:\/\/www.ibetshedoes.de\/index.php\/archives\/366\/42-planinajama'><img loading=\"lazy\" decoding=\"async\" width=\"150\" height=\"150\" src=\"http:\/\/www.ibetshedoes.de\/wp-content\/2013\/09\/42-PlaninaJama-150x150.jpg\" class=\"attachment-thumbnail size-thumbnail\" alt=\"\" aria-describedby=\"gallery-1-380\" data-attachment-id=\"380\" data-orig-file=\"http:\/\/www.ibetshedoes.de\/wp-content\/2013\/09\/42-PlaninaJama.jpg\" data-orig-size=\"1104,828\" data-comments-opened=\"1\" data-image-meta=\"{&quot;aperture&quot;:&quot;0&quot;,&quot;credit&quot;:&quot;&quot;,&quot;camera&quot;:&quot;&quot;,&quot;caption&quot;:&quot;&quot;,&quot;created_timestamp&quot;:&quot;0&quot;,&quot;copyright&quot;:&quot;&quot;,&quot;focal_length&quot;:&quot;0&quot;,&quot;iso&quot;:&quot;0&quot;,&quot;shutter_speed&quot;:&quot;0&quot;,&quot;title&quot;:&quot;&quot;}\" data-image-title=\"42-PlaninaJama\" data-image-description=\"\" data-medium-file=\"http:\/\/www.ibetshedoes.de\/wp-content\/2013\/09\/42-PlaninaJama-300x225.jpg\" data-large-file=\"http:\/\/www.ibetshedoes.de\/wp-content\/2013\/09\/42-PlaninaJama-1024x768.jpg\" \/><\/a>\n\t\t\t<\/dt>\n\t\t\t\t<dd class='wp-caption-text gallery-caption' id='gallery-1-380'>\n\t\t\t\tEndlich eine H\u00f6hle. Die Planina Jama. Ich machte dort nur eine 75 Minuten-Tour. Ich empfehle aber auch jedem sich die 4 Stunden-Bootstour zu \u00fcberlegen, ich denke, die k\u00f6nnte noch interessanter werden. Dies ist die ruhige und nette Seite eines H\u00f6hlensystems, welches auf der anderen Seite eine riesige Touristenattraktion ist.\n\t\t\t\t<\/dd><\/dl><dl class='gallery-item'>\n\t\t\t<dt class='gallery-icon landscape'>\n\t\t\t\t<a href='http:\/\/www.ibetshedoes.de\/index.php\/archives\/366\/43-planinajama'><img loading=\"lazy\" decoding=\"async\" width=\"150\" height=\"150\" src=\"http:\/\/www.ibetshedoes.de\/wp-content\/2013\/09\/43-PlaninaJama-150x150.jpg\" class=\"attachment-thumbnail size-thumbnail\" alt=\"\" aria-describedby=\"gallery-1-381\" data-attachment-id=\"381\" data-orig-file=\"http:\/\/www.ibetshedoes.de\/wp-content\/2013\/09\/43-PlaninaJama.jpg\" data-orig-size=\"1104,828\" data-comments-opened=\"1\" data-image-meta=\"{&quot;aperture&quot;:&quot;0&quot;,&quot;credit&quot;:&quot;&quot;,&quot;camera&quot;:&quot;&quot;,&quot;caption&quot;:&quot;&quot;,&quot;created_timestamp&quot;:&quot;0&quot;,&quot;copyright&quot;:&quot;&quot;,&quot;focal_length&quot;:&quot;0&quot;,&quot;iso&quot;:&quot;0&quot;,&quot;shutter_speed&quot;:&quot;0&quot;,&quot;title&quot;:&quot;&quot;}\" data-image-title=\"43-PlaninaJama\" data-image-description=\"\" data-medium-file=\"http:\/\/www.ibetshedoes.de\/wp-content\/2013\/09\/43-PlaninaJama-300x225.jpg\" data-large-file=\"http:\/\/www.ibetshedoes.de\/wp-content\/2013\/09\/43-PlaninaJama-1024x768.jpg\" \/><\/a>\n\t\t\t<\/dt>\n\t\t\t\t<dd class='wp-caption-text gallery-caption' id='gallery-1-381'>\n\t\t\t\tZuerst dachte ich, da\u00df ich hier nicht weiterk\u00e4me, aber es fand sich dann doch noch den Ort an dem die kleinen Gruppen starteten. Seit dieser Entdeckung hatte ich dann immer eine Kopflampe und eine Taschenlampe in meinem Rucksack. Man wei\u00df ja nie, wann man mal wieder in eine H\u00f6hle kommt.\n\t\t\t\t<\/dd><\/dl><dl class='gallery-item'>\n\t\t\t<dt class='gallery-icon landscape'>\n\t\t\t\t<a href='http:\/\/www.ibetshedoes.de\/index.php\/archives\/366\/44-planinajama'><img loading=\"lazy\" decoding=\"async\" width=\"150\" height=\"150\" src=\"http:\/\/www.ibetshedoes.de\/wp-content\/2013\/09\/44-PlaninaJama-150x150.jpg\" class=\"attachment-thumbnail size-thumbnail\" alt=\"\" aria-describedby=\"gallery-1-382\" data-attachment-id=\"382\" data-orig-file=\"http:\/\/www.ibetshedoes.de\/wp-content\/2013\/09\/44-PlaninaJama.jpg\" data-orig-size=\"1104,828\" data-comments-opened=\"1\" data-image-meta=\"{&quot;aperture&quot;:&quot;0&quot;,&quot;credit&quot;:&quot;&quot;,&quot;camera&quot;:&quot;&quot;,&quot;caption&quot;:&quot;&quot;,&quot;created_timestamp&quot;:&quot;0&quot;,&quot;copyright&quot;:&quot;&quot;,&quot;focal_length&quot;:&quot;0&quot;,&quot;iso&quot;:&quot;0&quot;,&quot;shutter_speed&quot;:&quot;0&quot;,&quot;title&quot;:&quot;&quot;}\" data-image-title=\"44-PlaninaJama\" data-image-description=\"\" data-medium-file=\"http:\/\/www.ibetshedoes.de\/wp-content\/2013\/09\/44-PlaninaJama-300x225.jpg\" data-large-file=\"http:\/\/www.ibetshedoes.de\/wp-content\/2013\/09\/44-PlaninaJama-1024x768.jpg\" \/><\/a>\n\t\t\t<\/dt>\n\t\t\t\t<dd class='wp-caption-text gallery-caption' id='gallery-1-382'>\n\t\t\t\tDas war eine kleine, eher bekriechbare H\u00f6hle. Mit Helm und wasserdichten Klamotten k\u00f6nnte man da sicherlich nett reinsteigen. Leider mangelte es an beidem. Die H\u00f6hle war direkt neben der Planina Jama gelegen und war &#8222;frei&#8220; bekriechbar.\n\t\t\t\t<\/dd><\/dl><br style=\"clear: both\" \/><dl class='gallery-item'>\n\t\t\t<dt class='gallery-icon landscape'>\n\t\t\t\t<a href='http:\/\/www.ibetshedoes.de\/index.php\/archives\/366\/50-burginhoehle'><img loading=\"lazy\" decoding=\"async\" width=\"150\" height=\"150\" src=\"http:\/\/www.ibetshedoes.de\/wp-content\/2013\/09\/50-BurginHoehle-150x150.jpg\" class=\"attachment-thumbnail size-thumbnail\" alt=\"\" aria-describedby=\"gallery-1-383\" data-attachment-id=\"383\" data-orig-file=\"http:\/\/www.ibetshedoes.de\/wp-content\/2013\/09\/50-BurginHoehle.jpg\" data-orig-size=\"1104,828\" data-comments-opened=\"1\" data-image-meta=\"{&quot;aperture&quot;:&quot;0&quot;,&quot;credit&quot;:&quot;&quot;,&quot;camera&quot;:&quot;&quot;,&quot;caption&quot;:&quot;&quot;,&quot;created_timestamp&quot;:&quot;0&quot;,&quot;copyright&quot;:&quot;&quot;,&quot;focal_length&quot;:&quot;0&quot;,&quot;iso&quot;:&quot;0&quot;,&quot;shutter_speed&quot;:&quot;0&quot;,&quot;title&quot;:&quot;&quot;}\" data-image-title=\"50-BurginHoehle\" data-image-description=\"\" data-medium-file=\"http:\/\/www.ibetshedoes.de\/wp-content\/2013\/09\/50-BurginHoehle-300x225.jpg\" data-large-file=\"http:\/\/www.ibetshedoes.de\/wp-content\/2013\/09\/50-BurginHoehle-1024x768.jpg\" \/><\/a>\n\t\t\t<\/dt>\n\t\t\t\t<dd class='wp-caption-text gallery-caption' id='gallery-1-383'>\n\t\t\t\tOffensichtlich kann man in H\u00f6hlen auch Burgen reinzw\u00e4ngen.\n\t\t\t\t<\/dd><\/dl><dl class='gallery-item'>\n\t\t\t<dt class='gallery-icon portrait'>\n\t\t\t\t<a href='http:\/\/www.ibetshedoes.de\/index.php\/archives\/366\/60-koper'><img loading=\"lazy\" decoding=\"async\" width=\"150\" height=\"150\" src=\"http:\/\/www.ibetshedoes.de\/wp-content\/2013\/09\/60-Koper-150x150.jpg\" class=\"attachment-thumbnail size-thumbnail\" alt=\"\" aria-describedby=\"gallery-1-384\" data-attachment-id=\"384\" data-orig-file=\"http:\/\/www.ibetshedoes.de\/wp-content\/2013\/09\/60-Koper.jpg\" data-orig-size=\"828,1104\" data-comments-opened=\"1\" data-image-meta=\"{&quot;aperture&quot;:&quot;0&quot;,&quot;credit&quot;:&quot;&quot;,&quot;camera&quot;:&quot;&quot;,&quot;caption&quot;:&quot;&quot;,&quot;created_timestamp&quot;:&quot;0&quot;,&quot;copyright&quot;:&quot;&quot;,&quot;focal_length&quot;:&quot;0&quot;,&quot;iso&quot;:&quot;0&quot;,&quot;shutter_speed&quot;:&quot;0&quot;,&quot;title&quot;:&quot;&quot;}\" data-image-title=\"60-Koper\" data-image-description=\"\" data-medium-file=\"http:\/\/www.ibetshedoes.de\/wp-content\/2013\/09\/60-Koper-225x300.jpg\" data-large-file=\"http:\/\/www.ibetshedoes.de\/wp-content\/2013\/09\/60-Koper-768x1024.jpg\" \/><\/a>\n\t\t\t<\/dt>\n\t\t\t\t<dd class='wp-caption-text gallery-caption' id='gallery-1-384'>\n\t\t\t\tKopers Innenstadt schauten ich mir l\u00e4nger an als geplant, weil die Gangschaltung nicht so wollte wie ich.\n\t\t\t\t<\/dd><\/dl><dl class='gallery-item'>\n\t\t\t<dt class='gallery-icon portrait'>\n\t\t\t\t<a href='http:\/\/www.ibetshedoes.de\/index.php\/archives\/366\/70-piran'><img loading=\"lazy\" decoding=\"async\" width=\"150\" height=\"150\" src=\"http:\/\/www.ibetshedoes.de\/wp-content\/2013\/09\/70-Piran-150x150.jpg\" class=\"attachment-thumbnail size-thumbnail\" alt=\"\" aria-describedby=\"gallery-1-385\" data-attachment-id=\"385\" data-orig-file=\"http:\/\/www.ibetshedoes.de\/wp-content\/2013\/09\/70-Piran.jpg\" data-orig-size=\"828,1104\" data-comments-opened=\"1\" data-image-meta=\"{&quot;aperture&quot;:&quot;0&quot;,&quot;credit&quot;:&quot;&quot;,&quot;camera&quot;:&quot;&quot;,&quot;caption&quot;:&quot;&quot;,&quot;created_timestamp&quot;:&quot;0&quot;,&quot;copyright&quot;:&quot;&quot;,&quot;focal_length&quot;:&quot;0&quot;,&quot;iso&quot;:&quot;0&quot;,&quot;shutter_speed&quot;:&quot;0&quot;,&quot;title&quot;:&quot;&quot;}\" data-image-title=\"70-Piran\" data-image-description=\"\" data-medium-file=\"http:\/\/www.ibetshedoes.de\/wp-content\/2013\/09\/70-Piran-225x300.jpg\" data-large-file=\"http:\/\/www.ibetshedoes.de\/wp-content\/2013\/09\/70-Piran-768x1024.jpg\" \/><\/a>\n\t\t\t<\/dt>\n\t\t\t\t<dd class='wp-caption-text gallery-caption' id='gallery-1-385'>\n\t\t\t\tPiran stellt wohl schon lange Salz her und hatte entsprechend schon l\u00e4nger Geld. Entsprechend sch\u00f6n sind die H\u00e4user.\n\t\t\t\t<\/dd><\/dl><br style=\"clear: both\" \/><dl class='gallery-item'>\n\t\t\t<dt class='gallery-icon landscape'>\n\t\t\t\t<a href='http:\/\/www.ibetshedoes.de\/index.php\/archives\/366\/71-piran'><img loading=\"lazy\" decoding=\"async\" width=\"150\" height=\"150\" src=\"http:\/\/www.ibetshedoes.de\/wp-content\/2013\/09\/71-Piran-150x150.jpg\" class=\"attachment-thumbnail size-thumbnail\" alt=\"\" aria-describedby=\"gallery-1-386\" data-attachment-id=\"386\" data-orig-file=\"http:\/\/www.ibetshedoes.de\/wp-content\/2013\/09\/71-Piran.jpg\" data-orig-size=\"1104,828\" data-comments-opened=\"1\" data-image-meta=\"{&quot;aperture&quot;:&quot;0&quot;,&quot;credit&quot;:&quot;&quot;,&quot;camera&quot;:&quot;&quot;,&quot;caption&quot;:&quot;&quot;,&quot;created_timestamp&quot;:&quot;0&quot;,&quot;copyright&quot;:&quot;&quot;,&quot;focal_length&quot;:&quot;0&quot;,&quot;iso&quot;:&quot;0&quot;,&quot;shutter_speed&quot;:&quot;0&quot;,&quot;title&quot;:&quot;&quot;}\" data-image-title=\"71-Piran\" data-image-description=\"\" data-medium-file=\"http:\/\/www.ibetshedoes.de\/wp-content\/2013\/09\/71-Piran-300x225.jpg\" data-large-file=\"http:\/\/www.ibetshedoes.de\/wp-content\/2013\/09\/71-Piran-1024x768.jpg\" \/><\/a>\n\t\t\t<\/dt>\n\t\t\t\t<dd class='wp-caption-text gallery-caption' id='gallery-1-386'>\n\t\t\t\tEin Rundgang um den Campingplatz. Bew\u00f6lkung kann auch sch\u00f6n sein.\n\t\t\t\t<\/dd><\/dl><dl class='gallery-item'>\n\t\t\t<dt class='gallery-icon landscape'>\n\t\t\t\t<a href='http:\/\/www.ibetshedoes.de\/index.php\/archives\/366\/72-piran'><img loading=\"lazy\" decoding=\"async\" width=\"150\" height=\"150\" src=\"http:\/\/www.ibetshedoes.de\/wp-content\/2013\/09\/72-Piran-150x150.jpg\" class=\"attachment-thumbnail size-thumbnail\" alt=\"\" aria-describedby=\"gallery-1-387\" data-attachment-id=\"387\" data-orig-file=\"http:\/\/www.ibetshedoes.de\/wp-content\/2013\/09\/72-Piran.jpg\" data-orig-size=\"1104,828\" data-comments-opened=\"1\" data-image-meta=\"{&quot;aperture&quot;:&quot;0&quot;,&quot;credit&quot;:&quot;&quot;,&quot;camera&quot;:&quot;&quot;,&quot;caption&quot;:&quot;&quot;,&quot;created_timestamp&quot;:&quot;0&quot;,&quot;copyright&quot;:&quot;&quot;,&quot;focal_length&quot;:&quot;0&quot;,&quot;iso&quot;:&quot;0&quot;,&quot;shutter_speed&quot;:&quot;0&quot;,&quot;title&quot;:&quot;&quot;}\" data-image-title=\"72-Piran\" data-image-description=\"\" data-medium-file=\"http:\/\/www.ibetshedoes.de\/wp-content\/2013\/09\/72-Piran-300x225.jpg\" data-large-file=\"http:\/\/www.ibetshedoes.de\/wp-content\/2013\/09\/72-Piran-1024x768.jpg\" \/><\/a>\n\t\t\t<\/dt>\n\t\t\t\t<dd class='wp-caption-text gallery-caption' id='gallery-1-387'>\n\t\t\t\tDarum gleich nochmal.\n\t\t\t\t<\/dd><\/dl>\n\t\t\t<br style='clear: both' \/>\n\t\t<\/div>\n\n","protected":false},"excerpt":{"rendered":"<p>Ich denke dieser Satz beschreibt Slowenien am besten. Ich dachte eigentlich, da\u00df ich recht flott durch Slowenien durchfahren w\u00fcrde. Aus terminlichen Gr\u00fcnden und weil ich in \u00d6sterreich nicht so viel Zeit verbrachte wie urspr\u00fcnglich gedacht war, blieb ich acht Tage in dem kleinen Land. In der Zeit sah ich Ljubiljana, welches momentan wohl die Hauptstadt [&hellip;]<\/p>\n","protected":false},"author":1,"featured_media":0,"comment_status":"open","ping_status":"open","sticky":false,"template":"","format":"standard","meta":{"footnotes":""},"categories":[9],"tags":[],"class_list":["post-366","post","type-post","status-publish","format-standard","hentry","category-reiseberichte"],"_links":{"self":[{"href":"http:\/\/www.ibetshedoes.de\/index.php\/wp-json\/wp\/v2\/posts\/366","targetHints":{"allow":["GET"]}}],"collection":[{"href":"http:\/\/www.ibetshedoes.de\/index.php\/wp-json\/wp\/v2\/posts"}],"about":[{"href":"http:\/\/www.ibetshedoes.de\/index.php\/wp-json\/wp\/v2\/types\/post"}],"author":[{"embeddable":true,"href":"http:\/\/www.ibetshedoes.de\/index.php\/wp-json\/wp\/v2\/users\/1"}],"replies":[{"embeddable":true,"href":"http:\/\/www.ibetshedoes.de\/index.php\/wp-json\/wp\/v2\/comments?post=366"}],"version-history":[{"count":4,"href":"http:\/\/www.ibetshedoes.de\/index.php\/wp-json\/wp\/v2\/posts\/366\/revisions"}],"predecessor-version":[{"id":390,"href":"http:\/\/www.ibetshedoes.de\/index.php\/wp-json\/wp\/v2\/posts\/366\/revisions\/390"}],"wp:attachment":[{"href":"http:\/\/www.ibetshedoes.de\/index.php\/wp-json\/wp\/v2\/media?parent=366"}],"wp:term":[{"taxonomy":"category","embeddable":true,"href":"http:\/\/www.ibetshedoes.de\/index.php\/wp-json\/wp\/v2\/categories?post=366"},{"taxonomy":"post_tag","embeddable":true,"href":"http:\/\/www.ibetshedoes.de\/index.php\/wp-json\/wp\/v2\/tags?post=366"}],"curies":[{"name":"wp","href":"https:\/\/api.w.org\/{rel}","templated":true}]}}